{"id":41045,"date":"2026-09-03T15:06:10","date_gmt":"2026-09-03T13:06:10","guid":{"rendered":"https:\/\/intercars.pl\/blog\/?p=41045"},"modified":"2026-09-04T12:13:38","modified_gmt":"2026-09-04T10:13:38","slug":"jesien-za-pasem-zadbaj-o-auto-przed-chlodami","status":"publish","type":"post","link":"https:\/\/intercars.pl\/blog\/poradnik-kierowcy\/jesien-za-pasem-zadbaj-o-auto-przed-chlodami\/","title":{"rendered":"Jesie\u0144 za pasem? Zadbaj o auto przed ch\u0142odami!"},"content":{"rendered":"\n<p class=\"wp-block-paragraph\">Jesie\u0144 to pi\u0119kna pora roku, ale te\u017c du\u017ce wyzwanie dla kierowc\u00f3w. \u015aliska nawierzchnia, li\u015bcie na jezdni, poranne przymrozki i szybko zapadaj\u0105cy zmrok wymagaj\u0105 odpowiedniego przygotowania.<\/p>\n\n\n\n<p class=\"wp-block-paragraph\">Nie daj si\u0119 zaskoczy\u0107 pierwszej plusze. Sprawd\u017a nasz poradnik, zadbaj o bezpiecze\u0144stwo oraz komfort i przygotuj sw\u00f3j samoch\u00f3d na ka\u017cd\u0105 tras\u0119!<\/p>\n\n\n\n<p class=\"wp-block-paragraph\"><strong>Przed jesieni\u0105 koniecznie sprawd\u017a:<\/strong><\/p>\n\n\n\n<ul class=\"wp-block-list\">\n<li><a href=\"#Opony-\u2013-Twoja-przyczepno\u015b\u0107-na-drodze\"><strong>kiedy wymieni\u0107 opony na zimowe i na co zwr\u00f3ci\u0107 uwag\u0119 przy wyborze nowego modelu<\/strong><\/a><\/li>\n\n\n\n<li><a href=\"#Akumulator-\u2013-pewny-rozruch-i-\u015bwi\u0119ty-spok\u00f3j-pod-mask\u0105\"><strong>jak zadba\u0107 o akumulator i zabezpieczy\u0107 go przed gryzoniami<\/strong><\/a><\/li>\n\n\n\n<li><a href=\"#widocznosc\"><strong>o czym pami\u0119ta\u0107, aby zapewni\u0107 sobie najlepsz\u0105 widoczno\u015b\u0107<\/strong><\/a><\/li>\n\n\n\n<li><a href=\"#wnetrze-i-lakier\"><strong>jak uzyska\u0107 czyste wn\u0119trze i ochroni\u0107 karoseri\u0119<\/strong><\/a><\/li>\n\n\n\n<li><a href=\"#Wyposa\u017cenie-baga\u017cnika-na-jesie\u0144-\u2013-b\u0105d\u017a-gotowy-na-ka\u017cd\u0105-sytuacj\u0119\"><strong>co warto mie\u0107 w baga\u017cniku na jesienne dni<\/strong><\/a><\/li>\n<\/ul>\n\n\n\n<div id=\"smb_5445\"><\/div>\n\n\n\n<h2 id=\"Opony-\u2013-Twoja-przyczepno\u015b\u0107-na-drodze\" class=\"wp-block-heading\"><span class=\"ez-toc-section\" id=\"Opony_%E2%80%93_Twoja_przyczepnosc_na_drodze\"><\/span>Opony \u2013 Twoja przyczepno\u015b\u0107 na drodze<span class=\"ez-toc-section-end\"><\/span><\/h2>\n\n\n\n<p class=\"wp-block-paragraph\">Opony to jedyny element \u0142\u0105cz\u0105cy samoch\u00f3d z nawierzchni\u0105. Jesieni\u0105 warunki na drodze zmieniaj\u0105 si\u0119 b\u0142yskawicznie \u2013 deszcz, spadaj\u0105ce li\u015bcie oraz poranne przymrozki drastycznie zmniejszaj\u0105 przyczepno\u015b\u0107.<\/p>\n\n\n\n<h3 class=\"wp-block-heading\"><span class=\"ez-toc-section\" id=\"Kiedy_wymienic_opony_na_zimowe\"><\/span>Kiedy wymieni\u0107 opony na zimowe?<span class=\"ez-toc-section-end\"><\/span><\/h3>\n\n\n\n<p class=\"wp-block-paragraph\">Nie czekaj na pierwszy \u015bnieg i kolejki u wulkanizatora. Zasada jest prosta: opony letnie zamieniamy na zimowe, gdy \u015brednia dobowa temperatura spada poni\u017cej 7\u00b0C. Guma w oponach letnich twardnieje na mrozie i traci swoje w\u0142a\u015bciwo\u015bci.<\/p>\n\n\n\n<div id=\"smb_5264\"><\/div>\n\n\n\n<h3 class=\"wp-block-heading\"><span class=\"ez-toc-section\" id=\"Bieznik_wiek_i_stan_ogumienia_%E2%80%93_kiedy_kupic_nowy_komplet\"><\/span>Bie\u017cnik, wiek i stan ogumienia \u2013 kiedy kupi\u0107 nowy komplet?<span class=\"ez-toc-section-end\"><\/span><\/h3>\n\n\n\n<p class=\"wp-block-paragraph\">G\u0142\u0119boko\u015b\u0107 bie\u017cnika to nie wszystko. Przed sezonem skontroluj stan ca\u0142ego kompletu pod k\u0105tem trzech parametr\u00f3w:<\/p>\n\n\n\n<ul class=\"wp-block-list\">\n<li><strong>g\u0142\u0119boko\u015b\u0107 bie\u017cnika<\/strong> \u2013 przepis wymaga minimum 1,6 mm, ale dla bezpiecznej jazdy zim\u0105 bie\u017cnik powinien mie\u0107 co najmniej 4 mm. G\u0142\u0119bokie rowki skutecznie odprowadzaj\u0105 wod\u0119 oraz b\u0142oto po\u015bniegowe,<\/li>\n\n\n\n<li><strong>wiek opony<\/strong> \u2013 guma z wiekiem parcieje i traci elastyczno\u015b\u0107. Opony starsze ni\u017c 5-6 lat (wiek sprawdzisz po kodzie DOT na boku opony) nale\u017cy weryfikowa\u0107 co roku, a po 10 latach bezwzgl\u0119dnie wymieni\u0107 na nowe,<\/li>\n\n\n\n<li><strong>uszkodzenia mechaniczne<\/strong> \u2013 sprawd\u017a, czy na gumie nie ma p\u0119kni\u0119\u0107, wybrzusze\u0144, uszczerbk\u00f3w ani nier\u00f3wnomiernego zu\u017cycia, kt\u00f3re \u015bwiadczy o z\u0142ej geometrii zawieszenia.<\/li>\n<\/ul>\n\n\n\n<h3 class=\"wp-block-heading\"><span class=\"ez-toc-section\" id=\"Opony_zimowe_czy_caloroczne_Ktore_lepiej_wybrac\"><\/span>Opony zimowe czy ca\u0142oroczne? Kt\u00f3re lepiej wybra\u0107?<span class=\"ez-toc-section-end\"><\/span><\/h3>\n\n\n\n<p class=\"wp-block-paragraph\">Wyb\u00f3r zale\u017cy od Twojego stylu jazdy oraz miejsca zamieszkania:<\/p>\n\n\n\n<ul class=\"wp-block-list\">\n<li><strong>opony ca\u0142oroczne<\/strong> \u2013 to dobre rozwi\u0105zanie do aut miejskich, przy spokojnym stylu jazdy i rocznych przebiegach poni\u017cej 10-15 tysi\u0119cy kilometr\u00f3w,<\/li>\n\n\n\n<li><strong>opony zimowe<\/strong> \u2013 s\u0105 niezb\u0119dne, je\u015bli cz\u0119sto je\u017adzisz w trasy, mieszkasz w rejonach g\u00f3rskich lub poruszasz si\u0119 po nieod\u015bnie\u017canych drogach.<\/li>\n<\/ul>\n\n\n\n<div class=\"wp-block-buttons is-content-justification-center is-layout-flex wp-container-core-buttons-is-layout-fe48e5de wp-block-buttons-is-layout-flex\">\n<div class=\"wp-block-button\"><a class=\"wp-block-button__link has-white-color has-vivid-red-background-color has-text-color has-background has-link-color has-text-align-center wp-element-button\" href=\"https:\/\/intercars.pl\/opony\/osobowe\/zimowe\" style=\"border-top-left-radius:20px;border-top-right-radius:20px;border-bottom-left-radius:20px;border-bottom-right-radius:20px\" target=\"_blank\" rel=\"noopener\">Wybierz swoje opony zimowe<\/a><\/div>\n\n\n\n<div class=\"wp-block-button\"><a class=\"wp-block-button__link has-white-color has-vivid-red-background-color has-text-color has-background has-link-color has-text-align-center wp-element-button\" href=\"https:\/\/intercars.pl\/opony\/osobowe\/caloroczne\" style=\"border-top-left-radius:20px;border-top-right-radius:20px;border-bottom-left-radius:20px;border-bottom-right-radius:20px\" target=\"_blank\" rel=\"noopener\">Wybierz swoje opony ca\u0142oroczne<\/a><\/div>\n<\/div>\n\n\n\n<h3 class=\"wp-block-heading\"><span class=\"ez-toc-section\" id=\"Na_co_zwrocic_uwage_przy_wyborze_nowego_modelu_opon\"><\/span>Na co zwr\u00f3ci\u0107 uwag\u0119 przy wyborze nowego modelu opon?<span class=\"ez-toc-section-end\"><\/span><\/h3>\n\n\n\n<p class=\"wp-block-paragraph\">Podczas zakupu nowych opon sprawd\u017a etykiet\u0119 unijn\u0105. Zwr\u00f3\u0107 uwag\u0119 na ocen\u0119 przyczepno\u015bci na mokrej nawierzchni (litery od A do E) oraz poziom ha\u0142asu. Wa\u017cna jest tak\u017ce klasa efektywno\u015bci paliwowej. Pami\u0119taj o dok\u0142adnym dopasowaniu rozmiaru, indeksu pr\u0119dko\u015bci oraz no\u015bno\u015bci do zalece\u0144 producenta auta.<\/p>\n\n\n\n<h3 class=\"wp-block-heading\"><span class=\"ez-toc-section\" id=\"Jak_prawidlowo_przechowywac_opony_po_sezonie\"><\/span>Jak prawid\u0142owo przechowywa\u0107 opony po sezonie?<span class=\"ez-toc-section-end\"><\/span><\/h3>\n\n\n\n<p class=\"wp-block-paragraph\">Po demonta\u017cu umyj i wysusz komplet letni. Czyste opony zapakuj w specjalne <strong>worki na opony<\/strong>, kt\u00f3re ochroni\u0105 je przed zabrudzeniami, wilgoci\u0105 oraz promieniowaniem UV. Opony bez felg przechowuj w pozycji pionowej i obracaj je co jaki\u015b czas. Ca\u0142e ko\u0142a (opony z felgami) uk\u0142adaj w stos lub powie\u015b na hakach. Trzymaj je w suchym, zaciemnionym miejscu, z dala od \u017ar\u00f3de\u0142 ciep\u0142a i chemii.<\/p>\n\n\n\n<div class=\"wp-block-buttons is-content-justification-center is-layout-flex wp-container-core-buttons-is-layout-fe48e5de wp-block-buttons-is-layout-flex\">\n<div class=\"wp-block-button\"><a class=\"wp-block-button__link has-white-color has-vivid-red-background-color has-text-color has-background has-link-color has-text-align-center wp-element-button\" href=\"https:\/\/intercars.pl\/oferta\/pokrowce-i-worki-do-przechowywania-opon-5010289~92172\" style=\"border-top-left-radius:20px;border-top-right-radius:20px;border-bottom-left-radius:20px;border-bottom-right-radius:20px\" target=\"_blank\" rel=\"noopener\">Kup worki do przechowywania opon<\/a><\/div>\n<\/div>\n\n\n\n<h2 id=\"Akumulator-\u2013-pewny-rozruch-i-\u015bwi\u0119ty-spok\u00f3j-pod-mask\u0105\" class=\"wp-block-heading\"><span class=\"ez-toc-section\" id=\"Akumulator_%E2%80%93_pewny_rozruch_i_swiety_spokoj_pod_maska\"><\/span>Akumulator \u2013 pewny rozruch i \u015bwi\u0119ty spok\u00f3j pod mask\u0105<span class=\"ez-toc-section-end\"><\/span><\/h2>\n\n\n\n<p class=\"wp-block-paragraph\">Niskie temperatury to sprawdzian bojowy dla uk\u0142adu elektrycznego w aucie. Jesieni\u0105 spada sprawno\u015b\u0107 baterii, a pod mask\u0105 pojawiaj\u0105 si\u0119 nieproszeni go\u015bcie.<\/p>\n\n\n\n<h3 class=\"wp-block-heading\"><span class=\"ez-toc-section\" id=\"Jak_zadbac_o_akumulator_przed_przymrozkami\"><\/span>Jak zadba\u0107 o akumulator przed przymrozkami?<span class=\"ez-toc-section-end\"><\/span><\/h3>\n\n\n\n<p class=\"wp-block-paragraph\">Podczas ch\u0142odnych nocy pojemno\u015b\u0107 elektryczna akumulatora spada. Jednocze\u015bnie silnik potrzebuje wi\u0119cej energii do rozruchu. Zanim nadejd\u0105 pierwsze przymrozki, zr\u00f3b szybki przegl\u0105d:<\/p>\n\n\n\n<ul class=\"wp-block-list\">\n<li><strong>sprawd\u017a stan na\u0142adowania<\/strong> \u2013 zmierz napi\u0119cie w akumulatorze miernikiem lub zle\u0107 test w warsztacie,<\/li>\n\n\n\n<li><strong>na\u0142aduj bateri\u0119<\/strong> \u2013 je\u015bli je\u017adzisz g\u0142\u00f3wnie na kr\u00f3tkich trasach, u\u017cyj prostownika lub \u0142adowarki mikroprocesorowej,<\/li>\n\n\n\n<li><strong>oczy\u015b\u0107 klemy<\/strong> \u2013 usu\u0144 \u015bnied\u017a i zabezpiecz po\u0142\u0105czenia specjalnym smarem.<\/li>\n<\/ul>\n\n\n\n<h3 class=\"wp-block-heading\"><span class=\"ez-toc-section\" id=\"Co_zrobic_gdy_auto_nie_chce_odpalic\"><\/span>Co zrobi\u0107, gdy auto nie chce odpali\u0107?<span class=\"ez-toc-section-end\"><\/span><\/h3>\n\n\n\n<p class=\"wp-block-paragraph\">Awarie zdarzaj\u0105 si\u0119 w najmniej odpowiednim momencie. Warto mie\u0107 w baga\u017cniku <strong>kable rozruchowe<\/strong> lub <strong>booster<\/strong> (przeno\u015bny starter). Booster pozwala uruchomi\u0107 silnik bez pomocy drugiego kierowcy \u2013 dzia\u0142a jak mocny powerbank do zada\u0144 specjalnych.<\/p>\n\n\n\n<div class=\"wp-block-buttons is-content-justification-center is-layout-flex wp-container-core-buttons-is-layout-fe48e5de wp-block-buttons-is-layout-flex\">\n<div class=\"wp-block-button\"><a class=\"wp-block-button__link has-white-color has-vivid-red-background-color has-text-color has-background has-link-color has-text-align-center wp-element-button\" href=\"https:\/\/intercars.pl\/oferta\/przewody-rozruchowe-5010198~92054\" style=\"border-top-left-radius:20px;border-top-right-radius:20px;border-bottom-left-radius:20px;border-bottom-right-radius:20px\" target=\"_blank\" rel=\"noopener\">Sprawd\u017a kable rozruchowe<\/a><\/div>\n\n\n\n<div class=\"wp-block-button\"><a class=\"wp-block-button__link has-white-color has-vivid-red-background-color has-text-color has-background has-link-color has-text-align-center wp-element-button\" href=\"https:\/\/intercars.pl\/oferta\/urzadzenie-rozruchowe-booster-5011207~91755\" style=\"border-top-left-radius:20px;border-top-right-radius:20px;border-bottom-left-radius:20px;border-bottom-right-radius:20px\" target=\"_blank\" rel=\"noopener\">Sprawd\u017a boostery<\/a><\/div>\n<\/div>\n\n\n\n<h3 class=\"wp-block-heading\"><span class=\"ez-toc-section\" id=\"Gryzonie_pod_maska_%E2%80%93_jak_ochronic_przewody_przed_kunami\"><\/span>Gryzonie pod mask\u0105 \u2013 jak ochroni\u0107 przewody przed kunami?<span class=\"ez-toc-section-end\"><\/span><\/h3>\n\n\n\n<p class=\"wp-block-paragraph\">Jesieni\u0105 ciep\u0142y silnik zaparkowanego auta przyci\u0105ga gryzonie i kuny. Zwierz\u0119ta szukaj\u0105 tam schronienia i potrafi\u0105 w jedn\u0105 noc przegry\u017a\u0107 przewody elektryczne, wyg\u0142uszenie maski lub w\u0119\u017ce uk\u0142adu ch\u0142odzenia. Naprawa takich szk\u00f3d kosztuje od 200 do nawet 3000 z\u0142. Warto si\u0119 przed tym zabezpieczy\u0107.<\/p>\n\n\n\n<p class=\"wp-block-paragraph\">Najskuteczniejsze sposoby na ochron\u0119 to:<\/p>\n\n\n\n<ul class=\"wp-block-list\">\n<li><strong>odstraszacze akustyczne (antykuny)<\/strong> \u2013 emituj\u0105 zmienne ultrad\u017awi\u0119ki, kt\u00f3re s\u0105 uci\u0105\u017cliwe dla zwierz\u0105t, ale nies\u0142yszalne dla ludzi,<\/li>\n\n\n\n<li><strong>odstraszacze zapachowe<\/strong> \u2013 preparaty w sprayu lub zawieszki, kt\u00f3re skutecznie zniech\u0119caj\u0105 gryzonie do wchodzenia pod mask\u0119.<\/li>\n<\/ul>\n\n\n\n<div class=\"wp-block-buttons is-content-justification-center is-layout-flex wp-container-core-buttons-is-layout-fe48e5de wp-block-buttons-is-layout-flex\">\n<div class=\"wp-block-button\"><a class=\"wp-block-button__link has-white-color has-vivid-red-background-color has-text-color has-background has-link-color has-text-align-center wp-element-button\" href=\"https:\/\/intercars.pl\/oferta\/odstraszacz-gryzoni-5010698~93275\" style=\"border-top-left-radius:20px;border-top-right-radius:20px;border-bottom-left-radius:20px;border-bottom-right-radius:20px\" target=\"_blank\" rel=\"noopener\">Znajd\u017a odstraszacze akustyczne<\/a><\/div>\n\n\n\n<div class=\"wp-block-button\"><a class=\"wp-block-button__link has-white-color has-vivid-red-background-color has-text-color has-background has-link-color has-text-align-center wp-element-button\" href=\"https:\/\/intercars.pl\/oferta\/preparat-do-ostraszania-gryzoni-5010524~93369\" style=\"border-top-left-radius:20px;border-top-right-radius:20px;border-bottom-left-radius:20px;border-bottom-right-radius:20px\" target=\"_blank\" rel=\"noopener\">Znajd\u017a odstraszacze zapachowe<\/a><\/div>\n<\/div>\n\n\n\n<h2 id=\"widocznosc\" class=\"wp-block-heading\"><span class=\"ez-toc-section\" id=\"Doskonala_widocznosc_%E2%80%93_klucz_do_bezpiecznej_jazdy\"><\/span>Doskona\u0142a widoczno\u015b\u0107 \u2013 klucz do bezpiecznej jazdy<span class=\"ez-toc-section-end\"><\/span><\/h2>\n\n\n\n<p class=\"wp-block-paragraph\">Jesieni\u0105 zmrok zapada znacznie szybciej, a opady deszczu i mg\u0142a staj\u0105 si\u0119 codzienno\u015bci\u0105. W trudnych warunkach pogodowych o Twoim bezpiecze\u0144stwie decyduj\u0105 sekundy \u2013 musisz widzie\u0107 wszystko na drodze i samemu by\u0107 dobrze widocznym dla innych.<\/p>\n\n\n\n<h3 class=\"wp-block-heading\"><span class=\"ez-toc-section\" id=\"Wycieraczki_%E2%80%93_czysta_szyba_bez_smug\"><\/span>Wycieraczki \u2013 czysta szyba bez smug<span class=\"ez-toc-section-end\"><\/span><\/h3>\n\n\n\n<p class=\"wp-block-paragraph\">Zu\u017cyte pi\u00f3ra wycieraczek nie zbieraj\u0105 wody, zostawiaj\u0105 smugi i rozmazuj\u0105 brud. W nocy \u015bwiat\u0142a nadje\u017cd\u017caj\u0105cych aut za\u0142amuj\u0105 si\u0119 na takich smugach, co potrafi skutecznie o\u015blepi\u0107 kierowc\u0119.<\/p>\n\n\n\n<ul class=\"wp-block-list\">\n<li>Wymie\u0144 wycieraczki na nowe, je\u015bli guma jest stwardnia\u0142a, wyszczerbiona lub piszczy podczas pracy.<\/li>\n\n\n\n<li>Wybierz wycieraczki bezprzegubowe (p\u0142askie), kt\u00f3re lepiej przylegaj\u0105 do szyby przy wy\u017cszych pr\u0119dko\u015bciach.<\/li>\n<\/ul>\n\n\n\n<div class=\"wp-block-buttons is-content-justification-center is-layout-flex wp-container-core-buttons-is-layout-fe48e5de wp-block-buttons-is-layout-flex\">\n<div class=\"wp-block-button\"><a class=\"wp-block-button__link has-white-color has-vivid-red-background-color has-text-color has-background has-link-color has-text-align-center wp-element-button\" href=\"https:\/\/intercars.pl\/oferta\/wycieraczki-szyb-5010794\" style=\"border-top-left-radius:20px;border-top-right-radius:20px;border-bottom-left-radius:20px;border-bottom-right-radius:20px\" target=\"_blank\" rel=\"noopener\">Wybierz wycieraczki do swojego auta<\/a><\/div>\n<\/div>\n\n\n\n<h3 class=\"wp-block-heading\"><span class=\"ez-toc-section\" id=\"Plyn_do_spryskiwaczy_%E2%80%93_zapomnij_o_zamarzaniu\"><\/span>P\u0142yn do spryskiwaczy \u2013 zapomnij o zamarzaniu<span class=\"ez-toc-section-end\"><\/span><\/h3>\n\n\n\n<p class=\"wp-block-paragraph\">Nie czekaj, a\u017c letni p\u0142yn zamarznie w zbiorniczku lub przewodach przy pierwszym porannym przymrozku. Zu\u017cyj resztki letniego p\u0142ynu i wlej <strong>zimowy p\u0142yn do spryskiwaczy<\/strong>. Dobry p\u0142yn zimowy nie tylko nie zamarza w niskich temperaturach, ale te\u017c skutecznie rozpuszcza t\u0142usty osad i drogow\u0105 chemi\u0119.<\/p>\n\n\n\n<div class=\"wp-block-buttons is-content-justification-center is-layout-flex wp-container-core-buttons-is-layout-fe48e5de wp-block-buttons-is-layout-flex\">\n<div class=\"wp-block-button\"><a class=\"wp-block-button__link has-white-color has-vivid-red-background-color has-text-color has-background has-link-color has-text-align-center wp-element-button\" href=\"https:\/\/intercars.pl\/oferta\/zimowy-plyn-do-spryskiwaczy-5010198~93402\" style=\"border-top-left-radius:20px;border-top-right-radius:20px;border-bottom-left-radius:20px;border-bottom-right-radius:20px\" target=\"_blank\" rel=\"noopener\">Kup zimowy p\u0142yn do spryskiwaczy<\/a><\/div>\n<\/div>\n\n\n\n<h3 class=\"wp-block-heading\"><span class=\"ez-toc-section\" id=\"Zarowki_i_regulacja_swiatel_%E2%80%93_oswietl_droge_nie_oslepiaj\"><\/span>\u017bar\u00f3wki i regulacja \u015bwiate\u0142 \u2013 o\u015bwietl drog\u0119, nie o\u015blepiaj<span class=\"ez-toc-section-end\"><\/span><\/h3>\n\n\n\n<p class=\"wp-block-paragraph\">Sprawne o\u015bwietlenie to absolutna podstawa jesieni\u0105. Pami\u0119taj:<\/p>\n\n\n\n<ul class=\"wp-block-list\">\n<li><strong>wymieniaj \u017car\u00f3wki parami<\/strong> \u2013 je\u015bli przepali\u0142a si\u0119 jedna \u017car\u00f3wka halogenowa, druga prawdopodobnie zu\u017cyje si\u0119 w najbli\u017cszym czasie. Wymiana obu zapewnia identyczn\u0105 barw\u0119 i strumie\u0144 \u015bwiat\u0142a,<\/li>\n\n\n\n<li><strong>sprawd\u017a \u015bwiat\u0142a przeciwmgielne<\/strong> \u2013 upewnij si\u0119, \u017ce dzia\u0142aj\u0105 poprawnie przed nadej\u015bciem pierwszych jesiennych mgie\u0142,<\/li>\n\n\n\n<li><strong>skontroluj regulacj\u0119 reflektor\u00f3w<\/strong> \u2013 za\u0142adowany baga\u017cnik lub \u017ale zamontowana \u017car\u00f3wka zmieniaj\u0105 k\u0105t padania \u015bwiat\u0142a. Zle\u0107 ustawienie \u015bwiate\u0142 w stacji kontroli pojazd\u00f3w, aby dobrze o\u015bwietla\u0107 pobocze i nie o\u015blepia\u0107 kierowc\u00f3w z naprzeciwka.<\/li>\n<\/ul>\n\n\n\n<div class=\"wp-block-buttons is-content-justification-center is-layout-flex wp-container-core-buttons-is-layout-fe48e5de wp-block-buttons-is-layout-flex\">\n<div class=\"wp-block-button\"><a class=\"wp-block-button__link has-white-color has-vivid-red-background-color has-text-color has-background has-link-color has-text-align-center wp-element-button\" href=\"https:\/\/intercars.pl\/oferta\/zarowki-5010795\" style=\"border-top-left-radius:20px;border-top-right-radius:20px;border-bottom-left-radius:20px;border-bottom-right-radius:20px\" target=\"_blank\" rel=\"noopener\">Sprawd\u017a \u017car\u00f3wki samochodowe<\/a><\/div>\n<\/div>\n\n\n\n<h2 id=\"wnetrze-i-lakier\" class=\"wp-block-heading\"><span class=\"ez-toc-section\" id=\"Czyste_wnetrze_i_ochrona_lakieru_%E2%80%93_jak_pokonac_jesienna_aure\"><\/span>Czyste wn\u0119trze i ochrona lakieru \u2013 jak pokona\u0107 jesienn\u0105 aur\u0119?<span class=\"ez-toc-section-end\"><\/span><\/h2>\n\n\n\n<p class=\"wp-block-paragraph\">Jesieni\u0105 nieustannie wnosisz do wn\u0119trza pojazdu wod\u0119 oraz b\u0142oto na butach, ubraniach czy parasolu. Z kolei na zewn\u0105trz lakier nara\u017cony jest na deszcz, li\u015bcie i drogow\u0105 chemi\u0119. Zadbaj o auto kompleksowo \u2013 od \u015brodka i z zewn\u0105trz.<\/p>\n\n\n\n<h3 class=\"wp-block-heading\"><span class=\"ez-toc-section\" id=\"Parowanie_szyb_%E2%80%93_jak_odzyskac_przejrzystosc\"><\/span>Parowanie szyb \u2013 jak odzyska\u0107 przejrzysto\u015b\u0107?<span class=\"ez-toc-section-end\"><\/span><\/h3>\n\n\n\n<p class=\"wp-block-paragraph\">Zaparowane szyby drastycznie ograniczaj\u0105 widoczno\u015b\u0107, wyd\u0142u\u017caj\u0105 poranne przygotowania do jazdy i stanowi\u0105 zagro\u017cenie na drodze.<\/p>\n\n\n\n<ul class=\"wp-block-list\">\n<li><strong>U\u017cyj poch\u0142aniacza wilgoci<\/strong> \u2013 specjalny woreczek z granulatem wch\u0142ania nadmiar wody z powietrza i zapobiega skraplaniu si\u0119 pary na szybach,<\/li>\n\n\n\n<li><strong>wyczy\u015b\u0107 szyby od wewn\u0105trz<\/strong> \u2013 brud i t\u0142usty osad przyci\u0105gaj\u0105 cz\u0105steczki wody. Dok\u0142adne umycie szyb p\u0142ynem do mycia szyb samochodowych i zastosowanie preparatu typu <em>antypara<\/em> (anti-fog) rozwi\u0105\u017ce problem,<\/li>\n\n\n\n<li><strong>wymie\u0144 filtr kabinowy<\/strong> \u2013 zapchany filtr blokuje przep\u0142yw powietrza i zatrzymuje wilgo\u0107 w uk\u0142adzie wentylacji.<\/li>\n<\/ul>\n\n\n\n<div class=\"wp-block-buttons is-content-justification-center is-layout-flex wp-container-core-buttons-is-layout-fe48e5de wp-block-buttons-is-layout-flex\">\n<div class=\"wp-block-button\"><a class=\"wp-block-button__link has-white-color has-vivid-red-background-color has-text-color has-background has-link-color has-text-align-center wp-element-button\" href=\"https:\/\/intercars.pl\/oferta\/oczyszczace-osusacze-nawilzacze-powietrza-5010779~93634\" style=\"border-top-left-radius:20px;border-top-right-radius:20px;border-bottom-left-radius:20px;border-bottom-right-radius:20px\" target=\"_blank\" rel=\"noopener\">Znajd\u017a poch\u0142aniacz wilgoci<\/a><\/div>\n<\/div>\n\n\n\n<h3 class=\"wp-block-heading\"><span class=\"ez-toc-section\" id=\"Dywaniki_gumowe_i_maty_%E2%80%93_ochrona_przed_blotem_i_zapachami\"><\/span>Dywaniki gumowe i maty \u2013 ochrona przed b\u0142otem i zapachami<span class=\"ez-toc-section-end\"><\/span><\/h3>\n\n\n\n<p class=\"wp-block-paragraph\">Klasyczne dywaniki materia\u0142owe dzia\u0142aj\u0105 jesieni\u0105 jak g\u0105bka. D\u0142ugo schn\u0105, tworz\u0105 idealne \u015brodowisko dla rozwoju grzyb\u00f3w oraz powoduj\u0105 nieprzyjemny zapach.<\/p>\n\n\n\n<ul class=\"wp-block-list\">\n<li><strong>zmie\u0144 dywaniki na gumowe<\/strong> \u2013 gumowe dywaniki z podwy\u017cszonym brzegiem zatrzymuj\u0105 wod\u0119 oraz b\u0142oto. \u0141atwo je wyczy\u015bci\u0107 i wyla\u0107 z nich zebran\u0105 wod\u0119,<\/li>\n\n\n\n<li><strong>zamontuj mat\u0119 do baga\u017cnika<\/strong> \u2013 gumowa mata zabezpiecza tapicerk\u0119 baga\u017cnika przed zabrudzeniem od mokrych zakup\u00f3w, w\u00f3zka czy zab\u0142oconych but\u00f3w.<\/li>\n<\/ul>\n\n\n\n<div class=\"wp-block-buttons is-content-justification-center is-layout-flex wp-container-core-buttons-is-layout-fe48e5de wp-block-buttons-is-layout-flex\">\n<div class=\"wp-block-button\"><a class=\"wp-block-button__link has-white-color has-vivid-red-background-color has-text-color has-background has-link-color has-text-align-center wp-element-button\" href=\"https:\/\/intercars.pl\/oferta\/dywaniki-gumowe-osobowe-5010286~92162\" style=\"border-top-left-radius:20px;border-top-right-radius:20px;border-bottom-left-radius:20px;border-bottom-right-radius:20px\" target=\"_blank\" rel=\"noopener\">Wybierz gumowe dywaniki<\/a><\/div>\n\n\n\n<div class=\"wp-block-button\"><a class=\"wp-block-button__link has-white-color has-vivid-red-background-color has-text-color has-background has-link-color has-text-align-center wp-element-button\" href=\"https:\/\/intercars.pl\/oferta\/mata-bagaznika-wklad-5010286~92164\" style=\"border-top-left-radius:20px;border-top-right-radius:20px;border-bottom-left-radius:20px;border-bottom-right-radius:20px\" target=\"_blank\" rel=\"noopener\">Wybierz mat\u0119 do baga\u017cnika<\/a><\/div>\n<\/div>\n\n\n\n<h3 class=\"wp-block-heading\"><span class=\"ez-toc-section\" id=\"Ochrona_karoserii_%E2%80%93_zabezpiecz_lakier_przed_sola_i_blotem\"><\/span>Ochrona karoserii \u2013 zabezpiecz lakier przed sol\u0105 i b\u0142otem<span class=\"ez-toc-section-end\"><\/span><\/h3>\n\n\n\n<p class=\"wp-block-paragraph\">Jesienna aura to wyzwanie tak\u017ce dla nadwozia. Wilgo\u0107, mokre li\u015bcie le\u017c\u0105ce na karoserii oraz pojawiaj\u0105ca si\u0119 na drogach s\u00f3l przyspieszaj\u0105 korozj\u0119. Przed nadej\u015bciem trudnych warunk\u00f3w op\u0142ucz auto, dok\u0142adnie je umyj i na\u0142\u00f3\u017c wosk lub pow\u0142ok\u0119 ochronn\u0105. Wosk tworzy warstw\u0119 hydrofobow\u0105, kt\u00f3ra odpycha wod\u0119, u\u0142atwia mycie i chroni lakier przed szkodliwym dzia\u0142aniem chemii drogowej.<\/p>\n\n\n\n<div class=\"wp-block-buttons is-content-justification-center is-layout-flex wp-container-core-buttons-is-layout-fe48e5de wp-block-buttons-is-layout-flex\">\n<div class=\"wp-block-button\"><a class=\"wp-block-button__link has-white-color has-vivid-red-background-color has-text-color has-background has-link-color has-text-align-center wp-element-button\" href=\"https:\/\/intercars.pl\/oferta\/zabezpieczanie-lakieru-5011033\" style=\"border-top-left-radius:20px;border-top-right-radius:20px;border-bottom-left-radius:20px;border-bottom-right-radius:20px\" target=\"_blank\" rel=\"noopener\">Zabezpiecz lakier swojego auta<\/a><\/div>\n<\/div>\n\n\n\n<h2 id=\"Wyposa\u017cenie-baga\u017cnika-na-jesie\u0144-\u2013-b\u0105d\u017a-gotowy-na-ka\u017cd\u0105-sytuacj\u0119\" class=\"wp-block-heading\"><span class=\"ez-toc-section\" id=\"Wyposazenie_bagaznika_na_jesien_%E2%80%93_badz_gotowy_na_kazda_sytuacje\"><\/span>Wyposa\u017cenie baga\u017cnika na jesie\u0144 \u2013 b\u0105d\u017a gotowy na ka\u017cd\u0105 sytuacj\u0119<span class=\"ez-toc-section-end\"><\/span><\/h2>\n\n\n\n<p class=\"wp-block-paragraph\">W Twoim samochodzie musz\u0105 znajdowa\u0107 si\u0119 elementy obowi\u0105zkowe, takie jak ga\u015bnica czy tr\u00f3jk\u0105t ostrzegawczy. Warto te\u017c pami\u0119ta\u0107 o apteczce, zapasowych \u017car\u00f3wkach i kablach rozruchowych. To jednak nie wszystko! Jesieni\u0105 w podr\u00f3\u017cy przydadz\u0105 Ci si\u0119 akcesoria, kt\u00f3re uratuj\u0105 Ci\u0119 z opresji podczas nag\u0142ej ulewy lub awarii po zmroku.<\/p>\n\n\n\n<h3 class=\"wp-block-heading\"><span class=\"ez-toc-section\" id=\"Jesienny_niezbednik_do_bagaznika\"><\/span>Jesienny niezb\u0119dnik do baga\u017cnika<span class=\"ez-toc-section-end\"><\/span><\/h3>\n\n\n\n<p class=\"wp-block-paragraph\">Pogoda potrafi szybko pokrzy\u017cowa\u0107 plany. \u017beby unikn\u0105\u0107 niepotrzebnego stresu, spakuj do baga\u017cnika kilka praktycznych rzeczy:<\/p>\n\n\n\n<ul class=\"wp-block-list\">\n<li><strong>latark\u0119<\/strong> (najlepiej czo\u0142ow\u0105) \u2013 wymiana ko\u0142a lub sprawdzenie czego\u015b pod mask\u0105 po zmroku bez dobrego \u015bwiat\u0142a jest wyj\u0105tkowo trudne,<\/li>\n\n\n\n<li><strong>sk\u0142adan\u0105 \u0142opatk\u0119<\/strong> \u2013 pomo\u017ce odgarn\u0105\u0107 b\u0142oto, li\u015bcie lub pierwszy \u015bnieg spod k\u00f3\u0142,<\/li>\n\n\n\n<li><strong>parasol i p\u0142aszcz przeciwdeszczowy<\/strong> \u2013 przydadz\u0105 si\u0119, gdy musisz wysi\u0105\u015b\u0107 z auta podczas ulewy,<\/li>\n\n\n\n<li><strong>r\u0119kawice robocze<\/strong> \u2013 ochroni\u0105 d\u0142onie przed brudnymi i zimnymi elementami podczas drobnych napraw.<\/li>\n<\/ul>\n\n\n\n<div class=\"wp-block-buttons is-content-justification-center is-layout-flex wp-container-core-buttons-is-layout-fe48e5de wp-block-buttons-is-layout-flex\">\n<div class=\"wp-block-button\"><a class=\"wp-block-button__link has-white-color has-vivid-red-background-color has-text-color has-background has-link-color has-text-align-center wp-element-button\" href=\"https:\/\/intercars.pl\/oferta\/lampa-czolowka-5010070~6791\" style=\"border-top-left-radius:20px;border-top-right-radius:20px;border-bottom-left-radius:20px;border-bottom-right-radius:20px\" target=\"_blank\" rel=\"noopener\">Kup latark\u0119 czo\u0142\u00f3wk\u0119<\/a><\/div>\n\n\n\n<div class=\"wp-block-button\"><a class=\"wp-block-button__link has-white-color has-vivid-red-background-color has-text-color has-background has-link-color has-text-align-center wp-element-button\" href=\"https:\/\/intercars.pl\/oferta\/ochrona-rak-5010014~91566&amp;p-11239=11239~1415895\" style=\"border-top-left-radius:20px;border-top-right-radius:20px;border-bottom-left-radius:20px;border-bottom-right-radius:20px\" target=\"_blank\" rel=\"noopener\">Kup r\u0119kawice robocze<\/a><\/div>\n<\/div>\n\n\n\n<h3 class=\"wp-block-heading\"><span class=\"ez-toc-section\" id=\"Wygoda_w_trasie_i%E2%80%A6_%E2%80%9Ekoc_dla_auta%E2%80%9D\"><\/span>Wygoda w trasie i&#8230; \u201ekoc dla auta\u201d<span class=\"ez-toc-section-end\"><\/span><\/h3>\n\n\n\n<p class=\"wp-block-paragraph\">Jesienna podr\u00f3\u017c mo\u017ce by\u0107 przytulna i bezstresowa, je\u015bli odpowiednio zadbasz o komfort w \u015brodku oraz ochron\u0119 pojazdu z zewn\u0105trz. Co warto mie\u0107 w aucie?<\/p>\n\n\n\n<ul class=\"wp-block-list\">\n<li><strong>Mi\u0119kki koc w kabinie<\/strong> \u2013 to idealny dodatek na ch\u0142odniejsze dni. Przyda si\u0119 podczas d\u0142u\u017cszego postoju, awarii lub po deszczowym spacerze w lesie,<\/li>\n\n\n\n<li><strong>plandeka lub mata na szyby<\/strong> \u2013 traktuj je jak dos\u0142owny \u201ekoc dla auta\u201d. Mata zas\u0142aniaj\u0105ca przedni\u0105 szyb\u0119 chroni pojazd przed li\u015b\u0107mi, opadami i porannym szronem. Dzi\u0119ki niej zaoszcz\u0119dzisz cenny czas i unikniesz porannego skrobania szyb.<\/li>\n<\/ul>\n\n\n\n<div class=\"wp-block-buttons is-content-justification-center is-layout-flex wp-container-core-buttons-is-layout-fe48e5de wp-block-buttons-is-layout-flex\">\n<div class=\"wp-block-button\"><a class=\"wp-block-button__link has-white-color has-vivid-red-background-color has-text-color has-background has-link-color has-text-align-center wp-element-button\" href=\"https:\/\/intercars.pl\/oferta\/pokrowce-ochronne-6010112~91260&amp;p-12841=12841~152685\" style=\"border-top-left-radius:20px;border-top-right-radius:20px;border-bottom-left-radius:20px;border-bottom-right-radius:20px\" target=\"_blank\" rel=\"noopener\">Znajd\u017a pokrowiec na sw\u00f3j samoch\u00f3d<\/a><\/div>\n\n\n\n<div class=\"wp-block-button\"><a class=\"wp-block-button__link has-white-color has-vivid-red-background-color has-text-color has-background has-link-color has-text-align-center wp-element-button\" href=\"https:\/\/intercars.pl\/oferta\/przykrycie-szyby-czolowej-6010112~6091\" style=\"border-top-left-radius:20px;border-top-right-radius:20px;border-bottom-left-radius:20px;border-bottom-right-radius:20px\" target=\"_blank\" rel=\"noopener\">Znajd\u017a mat\u0119 na szyb\u0119 czo\u0142ow\u0105<\/a><\/div>\n<\/div>\n\n\n\n<h2 class=\"wp-block-heading\"><span class=\"ez-toc-section\" id=\"Nie_daj_sie_zaskoczyc_jesieni_%E2%80%93_ruszaj_w_droge_bez_stresu\"><\/span>Nie daj si\u0119 zaskoczy\u0107 jesieni \u2013 ruszaj w drog\u0119 bez stresu!<span class=\"ez-toc-section-end\"><\/span><\/h2>\n\n\n\n<p class=\"wp-block-paragraph\">Odpowiednie przygotowanie auta do jesieni wymaga zaledwie chwili uwagi, a pozwala unikn\u0105\u0107 wielu stresuj\u0105cych sytuacji na drodze. Przegl\u0105d opon, akumulatora i o\u015bwietlenia, zadbanie o doskona\u0142\u0105 widoczno\u015b\u0107 oraz przemy\u015blane wyposa\u017cenie baga\u017cnika sprawi\u0105, \u017ce ka\u017cda trasa b\u0119dzie du\u017co bardziej bezpieczna i komfortowa.<\/p>\n\n\n\n<p class=\"wp-block-paragraph\">Nie czekaj na pierwsze przymrozki i ulewy! Sprawd\u017a nasz\u0105 ofert\u0119 i skompletuj sw\u00f3j <strong>jesienny zestaw kierowcy<\/strong> ju\u017c dzi\u015b.<\/p>\n<div id=\"ez-toc-container\" class=\"ez-toc-v2_0_86 counter-flat ez-toc-counter ez-toc-grey ez-toc-container-direction\">\n<div class=\"ez-toc-title-container\">\n<p class=\"ez-toc-title\" style=\"cursor:inherit\"><\/p>\n<span class=\"ez-toc-title-toggle\"><a href=\"#\" class=\"ez-toc-pull-right ez-toc-btn ez-toc-btn-xs ez-toc-btn-default ez-toc-toggle\" aria-label=\"Prze\u0142\u0105cznik Spisu Tre\u015bci\"><span class=\"ez-toc-js-icon-con\"><span class=\"\"><span class=\"eztoc-hide\" style=\"display:none;\">Toggle<\/span><span class=\"ez-toc-icon-toggle-span\"><svg style=\"fill: #999;color:#999\" xmlns=\"http:\/\/www.w3.org\/2000\/svg\" class=\"list-377408\" width=\"20px\" height=\"20px\" viewBox=\"0 0 24 24\" fill=\"none\"><path d=\"M6 6H4v2h2V6zm14 0H8v2h12V6zM4 11h2v2H4v-2zm16 0H8v2h12v-2zM4 16h2v2H4v-2zm16 0H8v2h12v-2z\" fill=\"currentColor\"><\/path><\/svg><svg style=\"fill: #999;color:#999\" class=\"arrow-unsorted-368013\" xmlns=\"http:\/\/www.w3.org\/2000\/svg\" width=\"10px\" height=\"10px\" viewBox=\"0 0 24 24\" version=\"1.2\" baseProfile=\"tiny\"><path d=\"M18.2 9.3l-6.2-6.3-6.2 6.3c-.2.2-.3.4-.3.7s.1.5.3.7c.2.2.4.3.7.3h11c.3 0 .5-.1.7-.3.2-.2.3-.5.3-.7s-.1-.5-.3-.7zM5.8 14.7l6.2 6.3 6.2-6.3c.2-.2.3-.5.3-.7s-.1-.5-.3-.7c-.2-.2-.4-.3-.7-.3h-11c-.3 0-.5.1-.7.3-.2.2-.3.5-.3.7s.1.5.3.7z\"\/><\/svg><\/span><\/span><\/span><\/a><\/span><\/div>\n<nav><ul class='ez-toc-list ez-toc-list-level-1 ' ><li class='ez-toc-page-1'><a class=\"ez-toc-link ez-toc-heading-1\" href=\"https:\/\/intercars.pl\/blog\/poradnik-kierowcy\/jesien-za-pasem-zadbaj-o-auto-przed-chlodami\/#Opony_%E2%80%93_Twoja_przyczepnosc_na_drodze\" >Opony \u2013 Twoja przyczepno\u015b\u0107 na drodze<\/a><\/li><li class='ez-toc-page-1'><a class=\"ez-toc-link ez-toc-heading-2\" href=\"https:\/\/intercars.pl\/blog\/poradnik-kierowcy\/jesien-za-pasem-zadbaj-o-auto-przed-chlodami\/#Kiedy_wymienic_opony_na_zimowe\" >Kiedy wymieni\u0107 opony na zimowe?<\/a><\/li><li class='ez-toc-page-1'><a class=\"ez-toc-link ez-toc-heading-3\" href=\"https:\/\/intercars.pl\/blog\/poradnik-kierowcy\/jesien-za-pasem-zadbaj-o-auto-przed-chlodami\/#Bieznik_wiek_i_stan_ogumienia_%E2%80%93_kiedy_kupic_nowy_komplet\" >Bie\u017cnik, wiek i stan ogumienia \u2013 kiedy kupi\u0107 nowy komplet?<\/a><\/li><li class='ez-toc-page-1'><a class=\"ez-toc-link ez-toc-heading-4\" href=\"https:\/\/intercars.pl\/blog\/poradnik-kierowcy\/jesien-za-pasem-zadbaj-o-auto-przed-chlodami\/#Opony_zimowe_czy_caloroczne_Ktore_lepiej_wybrac\" >Opony zimowe czy ca\u0142oroczne? Kt\u00f3re lepiej wybra\u0107?<\/a><\/li><li class='ez-toc-page-1'><a class=\"ez-toc-link ez-toc-heading-5\" href=\"https:\/\/intercars.pl\/blog\/poradnik-kierowcy\/jesien-za-pasem-zadbaj-o-auto-przed-chlodami\/#Na_co_zwrocic_uwage_przy_wyborze_nowego_modelu_opon\" >Na co zwr\u00f3ci\u0107 uwag\u0119 przy wyborze nowego modelu opon?<\/a><\/li><li class='ez-toc-page-1'><a class=\"ez-toc-link ez-toc-heading-6\" href=\"https:\/\/intercars.pl\/blog\/poradnik-kierowcy\/jesien-za-pasem-zadbaj-o-auto-przed-chlodami\/#Jak_prawidlowo_przechowywac_opony_po_sezonie\" >Jak prawid\u0142owo przechowywa\u0107 opony po sezonie?<\/a><\/li><li class='ez-toc-page-1'><a class=\"ez-toc-link ez-toc-heading-7\" href=\"https:\/\/intercars.pl\/blog\/poradnik-kierowcy\/jesien-za-pasem-zadbaj-o-auto-przed-chlodami\/#Akumulator_%E2%80%93_pewny_rozruch_i_swiety_spokoj_pod_maska\" >Akumulator \u2013 pewny rozruch i \u015bwi\u0119ty spok\u00f3j pod mask\u0105<\/a><\/li><li class='ez-toc-page-1'><a class=\"ez-toc-link ez-toc-heading-8\" href=\"https:\/\/intercars.pl\/blog\/poradnik-kierowcy\/jesien-za-pasem-zadbaj-o-auto-przed-chlodami\/#Jak_zadbac_o_akumulator_przed_przymrozkami\" >Jak zadba\u0107 o akumulator przed przymrozkami?<\/a><\/li><li class='ez-toc-page-1'><a class=\"ez-toc-link ez-toc-heading-9\" href=\"https:\/\/intercars.pl\/blog\/poradnik-kierowcy\/jesien-za-pasem-zadbaj-o-auto-przed-chlodami\/#Co_zrobic_gdy_auto_nie_chce_odpalic\" >Co zrobi\u0107, gdy auto nie chce odpali\u0107?<\/a><\/li><li class='ez-toc-page-1'><a class=\"ez-toc-link ez-toc-heading-10\" href=\"https:\/\/intercars.pl\/blog\/poradnik-kierowcy\/jesien-za-pasem-zadbaj-o-auto-przed-chlodami\/#Gryzonie_pod_maska_%E2%80%93_jak_ochronic_przewody_przed_kunami\" >Gryzonie pod mask\u0105 \u2013 jak ochroni\u0107 przewody przed kunami?<\/a><\/li><li class='ez-toc-page-1'><a class=\"ez-toc-link ez-toc-heading-11\" href=\"https:\/\/intercars.pl\/blog\/poradnik-kierowcy\/jesien-za-pasem-zadbaj-o-auto-przed-chlodami\/#Doskonala_widocznosc_%E2%80%93_klucz_do_bezpiecznej_jazdy\" >Doskona\u0142a widoczno\u015b\u0107 \u2013 klucz do bezpiecznej jazdy<\/a><\/li><li class='ez-toc-page-1'><a class=\"ez-toc-link ez-toc-heading-12\" href=\"https:\/\/intercars.pl\/blog\/poradnik-kierowcy\/jesien-za-pasem-zadbaj-o-auto-przed-chlodami\/#Wycieraczki_%E2%80%93_czysta_szyba_bez_smug\" >Wycieraczki \u2013 czysta szyba bez smug<\/a><\/li><li class='ez-toc-page-1'><a class=\"ez-toc-link ez-toc-heading-13\" href=\"https:\/\/intercars.pl\/blog\/poradnik-kierowcy\/jesien-za-pasem-zadbaj-o-auto-przed-chlodami\/#Plyn_do_spryskiwaczy_%E2%80%93_zapomnij_o_zamarzaniu\" >P\u0142yn do spryskiwaczy \u2013 zapomnij o zamarzaniu<\/a><\/li><li class='ez-toc-page-1'><a class=\"ez-toc-link ez-toc-heading-14\" href=\"https:\/\/intercars.pl\/blog\/poradnik-kierowcy\/jesien-za-pasem-zadbaj-o-auto-przed-chlodami\/#Zarowki_i_regulacja_swiatel_%E2%80%93_oswietl_droge_nie_oslepiaj\" >\u017bar\u00f3wki i regulacja \u015bwiate\u0142 \u2013 o\u015bwietl drog\u0119, nie o\u015blepiaj<\/a><\/li><li class='ez-toc-page-1'><a class=\"ez-toc-link ez-toc-heading-15\" href=\"https:\/\/intercars.pl\/blog\/poradnik-kierowcy\/jesien-za-pasem-zadbaj-o-auto-przed-chlodami\/#Czyste_wnetrze_i_ochrona_lakieru_%E2%80%93_jak_pokonac_jesienna_aure\" >Czyste wn\u0119trze i ochrona lakieru \u2013 jak pokona\u0107 jesienn\u0105 aur\u0119?<\/a><\/li><li class='ez-toc-page-1'><a class=\"ez-toc-link ez-toc-heading-16\" href=\"https:\/\/intercars.pl\/blog\/poradnik-kierowcy\/jesien-za-pasem-zadbaj-o-auto-przed-chlodami\/#Parowanie_szyb_%E2%80%93_jak_odzyskac_przejrzystosc\" >Parowanie szyb \u2013 jak odzyska\u0107 przejrzysto\u015b\u0107?<\/a><\/li><li class='ez-toc-page-1'><a class=\"ez-toc-link ez-toc-heading-17\" href=\"https:\/\/intercars.pl\/blog\/poradnik-kierowcy\/jesien-za-pasem-zadbaj-o-auto-przed-chlodami\/#Dywaniki_gumowe_i_maty_%E2%80%93_ochrona_przed_blotem_i_zapachami\" >Dywaniki gumowe i maty \u2013 ochrona przed b\u0142otem i zapachami<\/a><\/li><li class='ez-toc-page-1'><a class=\"ez-toc-link ez-toc-heading-18\" href=\"https:\/\/intercars.pl\/blog\/poradnik-kierowcy\/jesien-za-pasem-zadbaj-o-auto-przed-chlodami\/#Ochrona_karoserii_%E2%80%93_zabezpiecz_lakier_przed_sola_i_blotem\" >Ochrona karoserii \u2013 zabezpiecz lakier przed sol\u0105 i b\u0142otem<\/a><\/li><li class='ez-toc-page-1'><a class=\"ez-toc-link ez-toc-heading-19\" href=\"https:\/\/intercars.pl\/blog\/poradnik-kierowcy\/jesien-za-pasem-zadbaj-o-auto-przed-chlodami\/#Wyposazenie_bagaznika_na_jesien_%E2%80%93_badz_gotowy_na_kazda_sytuacje\" >Wyposa\u017cenie baga\u017cnika na jesie\u0144 \u2013 b\u0105d\u017a gotowy na ka\u017cd\u0105 sytuacj\u0119<\/a><\/li><li class='ez-toc-page-1'><a class=\"ez-toc-link ez-toc-heading-20\" href=\"https:\/\/intercars.pl\/blog\/poradnik-kierowcy\/jesien-za-pasem-zadbaj-o-auto-przed-chlodami\/#Jesienny_niezbednik_do_bagaznika\" >Jesienny niezb\u0119dnik do baga\u017cnika<\/a><\/li><li class='ez-toc-page-1'><a class=\"ez-toc-link ez-toc-heading-21\" href=\"https:\/\/intercars.pl\/blog\/poradnik-kierowcy\/jesien-za-pasem-zadbaj-o-auto-przed-chlodami\/#Wygoda_w_trasie_i%E2%80%A6_%E2%80%9Ekoc_dla_auta%E2%80%9D\" >Wygoda w trasie i&#8230; \u201ekoc dla auta\u201d<\/a><\/li><li class='ez-toc-page-1'><a class=\"ez-toc-link ez-toc-heading-22\" href=\"https:\/\/intercars.pl\/blog\/poradnik-kierowcy\/jesien-za-pasem-zadbaj-o-auto-przed-chlodami\/#Nie_daj_sie_zaskoczyc_jesieni_%E2%80%93_ruszaj_w_droge_bez_stresu\" >Nie daj si\u0119 zaskoczy\u0107 jesieni \u2013 ruszaj w drog\u0119 bez stresu!<\/a><\/li><\/ul><\/nav><\/div>\n","protected":false},"excerpt":{"rendered":"<p>Jesie\u0144 to pi\u0119kna pora roku, ale te\u017c du\u017ce wyzwanie dla kierowc\u00f3w. \u015aliska nawierzchnia, li\u015bcie na jezdni, poranne przymrozki i szybko zapadaj\u0105cy zmrok wymagaj\u0105 odpowiedniego przygotowania. Nie daj si\u0119 zaskoczy\u0107 pierwszej plusze. Sprawd\u017a nasz poradnik, zadbaj o bezpiecze\u0144stwo oraz komfort i przygotuj sw\u00f3j samoch\u00f3d na ka\u017cd\u0105 tras\u0119! Przed jesieni\u0105 koniecznie sprawd\u017a: Opony \u2013 Twoja przyczepno\u015b\u0107 na &hellip; <a href=\"https:\/\/intercars.pl\/blog\/poradnik-kierowcy\/jesien-za-pasem-zadbaj-o-auto-przed-chlodami\/\">Continued<\/a><\/p>\n","protected":false},"author":7,"featured_media":41049,"comment_status":"open","ping_status":"open","sticky":false,"template":"","format":"standard","meta":{"_acf_changed":false,"inline_featured_image":false,"footnotes":""},"categories":[14],"tags":[503,508],"class_list":["post-41045","post","type-post","status-publish","format-standard","has-post-thumbnail","hentry","category-poradnik-kierowcy","tag-bezpieczenstwo","tag-komfort-jazdy"],"acf":{"dane_podstawowe":{"czas_czytania":"","autor":[2462]},"pomocny_artykul_new":{"tak":0,"nie":0}},"yoast_head":"<!-- This site is optimized with the Yoast SEO plugin v28.2 - https:\/\/yoast.com\/product\/yoast-seo-wordpress\/ -->\n<title>Jesie\u0144 za pasem? Zadbaj o auto przed ch\u0142odami! - Inter Cars Blog<\/title>\n<meta name=\"description\" content=\"Sprawd\u017a, jak przygotowa\u0107 auto na jesie\u0144. Opony, akumulator, wycieraczki i baga\u017cnik \u2013 zadbaj o bezpiecze\u0144stwo oraz komfort. Zobacz poradnik!\" \/>\n<meta name=\"robots\" content=\"index, follow, max-snippet:-1, max-image-preview:large, max-video-preview:-1\" \/>\n<link rel=\"canonical\" href=\"https:\/\/intercars.pl\/blog\/poradnik-kierowcy\/jesien-za-pasem-zadbaj-o-auto-przed-chlodami\/\" \/>\n<meta property=\"og:locale\" content=\"pl_PL\" \/>\n<meta property=\"og:type\" content=\"article\" \/>\n<meta property=\"og:title\" content=\"Jesie\u0144 za pasem? Zadbaj o auto przed ch\u0142odami! - Inter Cars Blog\" \/>\n<meta property=\"og:description\" content=\"Sprawd\u017a, jak przygotowa\u0107 auto na jesie\u0144. Opony, akumulator, wycieraczki i baga\u017cnik \u2013 zadbaj o bezpiecze\u0144stwo oraz komfort. Zobacz poradnik!\" \/>\n<meta property=\"og:url\" content=\"https:\/\/intercars.pl\/blog\/poradnik-kierowcy\/jesien-za-pasem-zadbaj-o-auto-przed-chlodami\/\" \/>\n<meta property=\"og:site_name\" content=\"Inter Cars Blog\" \/>\n<meta property=\"article:published_time\" content=\"2026-09-03T13:06:10+00:00\" \/>\n<meta property=\"article:modified_time\" content=\"2026-09-04T10:13:38+00:00\" \/>\n<meta property=\"og:image\" content=\"https:\/\/intercars.pl\/blog\/wp-content\/uploads\/2026\/09\/jesien-w-aucie.png\" \/>\n\t<meta property=\"og:image:width\" content=\"1024\" \/>\n\t<meta property=\"og:image:height\" content=\"674\" \/>\n\t<meta property=\"og:image:type\" content=\"image\/png\" \/>\n<meta name=\"author\" content=\"Dominika Rostek\" \/>\n<meta name=\"twitter:card\" content=\"summary_large_image\" \/>\n<meta name=\"twitter:label1\" content=\"Napisane przez\" \/>\n\t<meta name=\"twitter:data1\" content=\"Dominika Rostek\" \/>\n\t<meta name=\"twitter:label2\" content=\"Szacowany czas czytania\" \/>\n\t<meta name=\"twitter:data2\" content=\"10 minut\" \/>\n<script type=\"application\/ld+json\" class=\"yoast-schema-graph\">{\"@context\":\"https:\\\/\\\/schema.org\",\"@graph\":[{\"@type\":\"Article\",\"@id\":\"https:\\\/\\\/intercars.pl\\\/blog\\\/poradnik-kierowcy\\\/jesien-za-pasem-zadbaj-o-auto-przed-chlodami\\\/#article\",\"isPartOf\":{\"@id\":\"https:\\\/\\\/intercars.pl\\\/blog\\\/poradnik-kierowcy\\\/jesien-za-pasem-zadbaj-o-auto-przed-chlodami\\\/\"},\"author\":{\"name\":\"Dominika Rostek\",\"@id\":\"https:\\\/\\\/intercars.pl\\\/blog\\\/#\\\/schema\\\/person\\\/f9a45156704413e8ec02cd4578983663\"},\"headline\":\"Jesie\u0144 za pasem? Zadbaj o auto przed ch\u0142odami!\",\"datePublished\":\"2026-09-03T13:06:10+00:00\",\"dateModified\":\"2026-09-04T10:13:38+00:00\",\"mainEntityOfPage\":{\"@id\":\"https:\\\/\\\/intercars.pl\\\/blog\\\/poradnik-kierowcy\\\/jesien-za-pasem-zadbaj-o-auto-przed-chlodami\\\/\"},\"wordCount\":1772,\"commentCount\":0,\"image\":{\"@id\":\"https:\\\/\\\/intercars.pl\\\/blog\\\/poradnik-kierowcy\\\/jesien-za-pasem-zadbaj-o-auto-przed-chlodami\\\/#primaryimage\"},\"thumbnailUrl\":\"https:\\\/\\\/intercars.pl\\\/blog\\\/wp-content\\\/uploads\\\/2026\\\/09\\\/jesien-w-aucie.png\",\"keywords\":[\"Bezpiecze\u0144stwo\",\"Komfort jazdy\"],\"articleSection\":[\"Poradnik kierowcy\"],\"inLanguage\":\"pl-PL\",\"potentialAction\":[{\"@type\":\"CommentAction\",\"name\":\"Comment\",\"target\":[\"https:\\\/\\\/intercars.pl\\\/blog\\\/poradnik-kierowcy\\\/jesien-za-pasem-zadbaj-o-auto-przed-chlodami\\\/#respond\"]}]},{\"@type\":\"WebPage\",\"@id\":\"https:\\\/\\\/intercars.pl\\\/blog\\\/poradnik-kierowcy\\\/jesien-za-pasem-zadbaj-o-auto-przed-chlodami\\\/\",\"url\":\"https:\\\/\\\/intercars.pl\\\/blog\\\/poradnik-kierowcy\\\/jesien-za-pasem-zadbaj-o-auto-przed-chlodami\\\/\",\"name\":\"Jesie\u0144 za pasem? Zadbaj o auto przed ch\u0142odami! - Inter Cars Blog\",\"isPartOf\":{\"@id\":\"https:\\\/\\\/intercars.pl\\\/blog\\\/#website\"},\"primaryImageOfPage\":{\"@id\":\"https:\\\/\\\/intercars.pl\\\/blog\\\/poradnik-kierowcy\\\/jesien-za-pasem-zadbaj-o-auto-przed-chlodami\\\/#primaryimage\"},\"image\":{\"@id\":\"https:\\\/\\\/intercars.pl\\\/blog\\\/poradnik-kierowcy\\\/jesien-za-pasem-zadbaj-o-auto-przed-chlodami\\\/#primaryimage\"},\"thumbnailUrl\":\"https:\\\/\\\/intercars.pl\\\/blog\\\/wp-content\\\/uploads\\\/2026\\\/09\\\/jesien-w-aucie.png\",\"datePublished\":\"2026-09-03T13:06:10+00:00\",\"dateModified\":\"2026-09-04T10:13:38+00:00\",\"author\":{\"@id\":\"https:\\\/\\\/intercars.pl\\\/blog\\\/#\\\/schema\\\/person\\\/f9a45156704413e8ec02cd4578983663\"},\"description\":\"Sprawd\u017a, jak przygotowa\u0107 auto na jesie\u0144. Opony, akumulator, wycieraczki i baga\u017cnik \u2013 zadbaj o bezpiecze\u0144stwo oraz komfort. Zobacz poradnik!\",\"breadcrumb\":{\"@id\":\"https:\\\/\\\/intercars.pl\\\/blog\\\/poradnik-kierowcy\\\/jesien-za-pasem-zadbaj-o-auto-przed-chlodami\\\/#breadcrumb\"},\"inLanguage\":\"pl-PL\",\"potentialAction\":[{\"@type\":\"ReadAction\",\"target\":[\"https:\\\/\\\/intercars.pl\\\/blog\\\/poradnik-kierowcy\\\/jesien-za-pasem-zadbaj-o-auto-przed-chlodami\\\/\"]}]},{\"@type\":\"ImageObject\",\"inLanguage\":\"pl-PL\",\"@id\":\"https:\\\/\\\/intercars.pl\\\/blog\\\/poradnik-kierowcy\\\/jesien-za-pasem-zadbaj-o-auto-przed-chlodami\\\/#primaryimage\",\"url\":\"https:\\\/\\\/intercars.pl\\\/blog\\\/wp-content\\\/uploads\\\/2026\\\/09\\\/jesien-w-aucie.png\",\"contentUrl\":\"https:\\\/\\\/intercars.pl\\\/blog\\\/wp-content\\\/uploads\\\/2026\\\/09\\\/jesien-w-aucie.png\",\"width\":1024,\"height\":674},{\"@type\":\"BreadcrumbList\",\"@id\":\"https:\\\/\\\/intercars.pl\\\/blog\\\/poradnik-kierowcy\\\/jesien-za-pasem-zadbaj-o-auto-przed-chlodami\\\/#breadcrumb\",\"itemListElement\":[{\"@type\":\"ListItem\",\"position\":1,\"name\":\"Strona g\u0142\u00f3wna\",\"item\":\"https:\\\/\\\/intercars.pl\\\/blog\\\/\"},{\"@type\":\"ListItem\",\"position\":2,\"name\":\"Jesie\u0144 za pasem? Zadbaj o auto przed ch\u0142odami!\"}]},{\"@type\":\"WebSite\",\"@id\":\"https:\\\/\\\/intercars.pl\\\/blog\\\/#website\",\"url\":\"https:\\\/\\\/intercars.pl\\\/blog\\\/\",\"name\":\"Inter Cars Blog\",\"description\":\"Odkrywaj \u015bwiat motoryzacji z Inter Cars!\",\"potentialAction\":[{\"@type\":\"SearchAction\",\"target\":{\"@type\":\"EntryPoint\",\"urlTemplate\":\"https:\\\/\\\/intercars.pl\\\/blog\\\/?s={search_term_string}\"},\"query-input\":{\"@type\":\"PropertyValueSpecification\",\"valueRequired\":true,\"valueName\":\"search_term_string\"}}],\"inLanguage\":\"pl-PL\"},{\"@type\":\"Person\",\"@id\":\"https:\\\/\\\/intercars.pl\\\/blog\\\/#\\\/schema\\\/person\\\/f9a45156704413e8ec02cd4578983663\",\"name\":\"Dominika Rostek\",\"image\":{\"@type\":\"ImageObject\",\"inLanguage\":\"pl-PL\",\"@id\":\"https:\\\/\\\/secure.gravatar.com\\\/avatar\\\/6af73f6781defe44ff901841290c5cb419e5a8ff3222985b8610c910a03edce1?s=96&d=mm&r=g\",\"url\":\"https:\\\/\\\/secure.gravatar.com\\\/avatar\\\/6af73f6781defe44ff901841290c5cb419e5a8ff3222985b8610c910a03edce1?s=96&d=mm&r=g\",\"contentUrl\":\"https:\\\/\\\/secure.gravatar.com\\\/avatar\\\/6af73f6781defe44ff901841290c5cb419e5a8ff3222985b8610c910a03edce1?s=96&d=mm&r=g\",\"caption\":\"Dominika Rostek\"},\"url\":\"https:\\\/\\\/intercars.pl\\\/blog\\\/author\\\/dperkows\\\/\"}]}<\/script>\n<!-- \/ Yoast SEO plugin. -->","yoast_head_json":{"title":"Jesie\u0144 za pasem? Zadbaj o auto przed ch\u0142odami! - Inter Cars Blog","description":"Sprawd\u017a, jak przygotowa\u0107 auto na jesie\u0144. Opony, akumulator, wycieraczki i baga\u017cnik \u2013 zadbaj o bezpiecze\u0144stwo oraz komfort. Zobacz poradnik!","robots":{"index":"index","follow":"follow","max-snippet":"max-snippet:-1","max-image-preview":"max-image-preview:large","max-video-preview":"max-video-preview:-1"},"canonical":"https:\/\/intercars.pl\/blog\/poradnik-kierowcy\/jesien-za-pasem-zadbaj-o-auto-przed-chlodami\/","og_locale":"pl_PL","og_type":"article","og_title":"Jesie\u0144 za pasem? Zadbaj o auto przed ch\u0142odami! - Inter Cars Blog","og_description":"Sprawd\u017a, jak przygotowa\u0107 auto na jesie\u0144. Opony, akumulator, wycieraczki i baga\u017cnik \u2013 zadbaj o bezpiecze\u0144stwo oraz komfort. Zobacz poradnik!","og_url":"https:\/\/intercars.pl\/blog\/poradnik-kierowcy\/jesien-za-pasem-zadbaj-o-auto-przed-chlodami\/","og_site_name":"Inter Cars Blog","article_published_time":"2026-09-03T13:06:10+00:00","article_modified_time":"2026-09-04T10:13:38+00:00","og_image":[{"width":1024,"height":674,"url":"https:\/\/intercars.pl\/blog\/wp-content\/uploads\/2026\/09\/jesien-w-aucie.png","type":"image\/png"}],"author":"Dominika Rostek","twitter_card":"summary_large_image","twitter_misc":{"Napisane przez":"Dominika Rostek","Szacowany czas czytania":"10 minut"},"schema":{"@context":"https:\/\/schema.org","@graph":[{"@type":"Article","@id":"https:\/\/intercars.pl\/blog\/poradnik-kierowcy\/jesien-za-pasem-zadbaj-o-auto-przed-chlodami\/#article","isPartOf":{"@id":"https:\/\/intercars.pl\/blog\/poradnik-kierowcy\/jesien-za-pasem-zadbaj-o-auto-przed-chlodami\/"},"author":{"name":"Dominika Rostek","@id":"https:\/\/intercars.pl\/blog\/#\/schema\/person\/f9a45156704413e8ec02cd4578983663"},"headline":"Jesie\u0144 za pasem? Zadbaj o auto przed ch\u0142odami!","datePublished":"2026-09-03T13:06:10+00:00","dateModified":"2026-09-04T10:13:38+00:00","mainEntityOfPage":{"@id":"https:\/\/intercars.pl\/blog\/poradnik-kierowcy\/jesien-za-pasem-zadbaj-o-auto-przed-chlodami\/"},"wordCount":1772,"commentCount":0,"image":{"@id":"https:\/\/intercars.pl\/blog\/poradnik-kierowcy\/jesien-za-pasem-zadbaj-o-auto-przed-chlodami\/#primaryimage"},"thumbnailUrl":"https:\/\/intercars.pl\/blog\/wp-content\/uploads\/2026\/09\/jesien-w-aucie.png","keywords":["Bezpiecze\u0144stwo","Komfort jazdy"],"articleSection":["Poradnik kierowcy"],"inLanguage":"pl-PL","potentialAction":[{"@type":"CommentAction","name":"Comment","target":["https:\/\/intercars.pl\/blog\/poradnik-kierowcy\/jesien-za-pasem-zadbaj-o-auto-przed-chlodami\/#respond"]}]},{"@type":"WebPage","@id":"https:\/\/intercars.pl\/blog\/poradnik-kierowcy\/jesien-za-pasem-zadbaj-o-auto-przed-chlodami\/","url":"https:\/\/intercars.pl\/blog\/poradnik-kierowcy\/jesien-za-pasem-zadbaj-o-auto-przed-chlodami\/","name":"Jesie\u0144 za pasem? Zadbaj o auto przed ch\u0142odami! - Inter Cars Blog","isPartOf":{"@id":"https:\/\/intercars.pl\/blog\/#website"},"primaryImageOfPage":{"@id":"https:\/\/intercars.pl\/blog\/poradnik-kierowcy\/jesien-za-pasem-zadbaj-o-auto-przed-chlodami\/#primaryimage"},"image":{"@id":"https:\/\/intercars.pl\/blog\/poradnik-kierowcy\/jesien-za-pasem-zadbaj-o-auto-przed-chlodami\/#primaryimage"},"thumbnailUrl":"https:\/\/intercars.pl\/blog\/wp-content\/uploads\/2026\/09\/jesien-w-aucie.png","datePublished":"2026-09-03T13:06:10+00:00","dateModified":"2026-09-04T10:13:38+00:00","author":{"@id":"https:\/\/intercars.pl\/blog\/#\/schema\/person\/f9a45156704413e8ec02cd4578983663"},"description":"Sprawd\u017a, jak przygotowa\u0107 auto na jesie\u0144. Opony, akumulator, wycieraczki i baga\u017cnik \u2013 zadbaj o bezpiecze\u0144stwo oraz komfort. Zobacz poradnik!","breadcrumb":{"@id":"https:\/\/intercars.pl\/blog\/poradnik-kierowcy\/jesien-za-pasem-zadbaj-o-auto-przed-chlodami\/#breadcrumb"},"inLanguage":"pl-PL","potentialAction":[{"@type":"ReadAction","target":["https:\/\/intercars.pl\/blog\/poradnik-kierowcy\/jesien-za-pasem-zadbaj-o-auto-przed-chlodami\/"]}]},{"@type":"ImageObject","inLanguage":"pl-PL","@id":"https:\/\/intercars.pl\/blog\/poradnik-kierowcy\/jesien-za-pasem-zadbaj-o-auto-przed-chlodami\/#primaryimage","url":"https:\/\/intercars.pl\/blog\/wp-content\/uploads\/2026\/09\/jesien-w-aucie.png","contentUrl":"https:\/\/intercars.pl\/blog\/wp-content\/uploads\/2026\/09\/jesien-w-aucie.png","width":1024,"height":674},{"@type":"BreadcrumbList","@id":"https:\/\/intercars.pl\/blog\/poradnik-kierowcy\/jesien-za-pasem-zadbaj-o-auto-przed-chlodami\/#breadcrumb","itemListElement":[{"@type":"ListItem","position":1,"name":"Strona g\u0142\u00f3wna","item":"https:\/\/intercars.pl\/blog\/"},{"@type":"ListItem","position":2,"name":"Jesie\u0144 za pasem? Zadbaj o auto przed ch\u0142odami!"}]},{"@type":"WebSite","@id":"https:\/\/intercars.pl\/blog\/#website","url":"https:\/\/intercars.pl\/blog\/","name":"Inter Cars Blog","description":"Odkrywaj \u015bwiat motoryzacji z Inter Cars!","potentialAction":[{"@type":"SearchAction","target":{"@type":"EntryPoint","urlTemplate":"https:\/\/intercars.pl\/blog\/?s={search_term_string}"},"query-input":{"@type":"PropertyValueSpecification","valueRequired":true,"valueName":"search_term_string"}}],"inLanguage":"pl-PL"},{"@type":"Person","@id":"https:\/\/intercars.pl\/blog\/#\/schema\/person\/f9a45156704413e8ec02cd4578983663","name":"Dominika Rostek","image":{"@type":"ImageObject","inLanguage":"pl-PL","@id":"https:\/\/secure.gravatar.com\/avatar\/6af73f6781defe44ff901841290c5cb419e5a8ff3222985b8610c910a03edce1?s=96&d=mm&r=g","url":"https:\/\/secure.gravatar.com\/avatar\/6af73f6781defe44ff901841290c5cb419e5a8ff3222985b8610c910a03edce1?s=96&d=mm&r=g","contentUrl":"https:\/\/secure.gravatar.com\/avatar\/6af73f6781defe44ff901841290c5cb419e5a8ff3222985b8610c910a03edce1?s=96&d=mm&r=g","caption":"Dominika Rostek"},"url":"https:\/\/intercars.pl\/blog\/author\/dperkows\/"}]}},"fimg_url":{"thumbnail":["https:\/\/intercars.pl\/blog\/wp-content\/uploads\/2026\/09\/jesien-w-aucie-150x150.png",150,150,true],"medium":["https:\/\/intercars.pl\/blog\/wp-content\/uploads\/2026\/09\/jesien-w-aucie-300x197.png",300,197,true],"medium_large":["https:\/\/intercars.pl\/blog\/wp-content\/uploads\/2026\/09\/jesien-w-aucie-768x506.png",768,506,true],"large":["https:\/\/intercars.pl\/blog\/wp-content\/uploads\/2026\/09\/jesien-w-aucie.png",1024,674,false],"1536x1536":["https:\/\/intercars.pl\/blog\/wp-content\/uploads\/2026\/09\/jesien-w-aucie.png",1024,674,false],"2048x2048":["https:\/\/intercars.pl\/blog\/wp-content\/uploads\/2026\/09\/jesien-w-aucie.png",1024,674,false]},"_links":{"self":[{"href":"https:\/\/intercars.pl\/blog\/wp-json\/wp\/v2\/posts\/41045","targetHints":{"allow":["GET"]}}],"collection":[{"href":"https:\/\/intercars.pl\/blog\/wp-json\/wp\/v2\/posts"}],"about":[{"href":"https:\/\/intercars.pl\/blog\/wp-json\/wp\/v2\/types\/post"}],"author":[{"embeddable":true,"href":"https:\/\/intercars.pl\/blog\/wp-json\/wp\/v2\/users\/7"}],"replies":[{"embeddable":true,"href":"https:\/\/intercars.pl\/blog\/wp-json\/wp\/v2\/comments?post=41045"}],"version-history":[{"count":5,"href":"https:\/\/intercars.pl\/blog\/wp-json\/wp\/v2\/posts\/41045\/revisions"}],"predecessor-version":[{"id":41059,"href":"https:\/\/intercars.pl\/blog\/wp-json\/wp\/v2\/posts\/41045\/revisions\/41059"}],"wp:featuredmedia":[{"embeddable":true,"href":"https:\/\/intercars.pl\/blog\/wp-json\/wp\/v2\/media\/41049"}],"wp:attachment":[{"href":"https:\/\/intercars.pl\/blog\/wp-json\/wp\/v2\/media?parent=41045"}],"wp:term":[{"taxonomy":"category","embeddable":true,"href":"https:\/\/intercars.pl\/blog\/wp-json\/wp\/v2\/categories?post=41045"},{"taxonomy":"post_tag","embeddable":true,"href":"https:\/\/intercars.pl\/blog\/wp-json\/wp\/v2\/tags?post=41045"}],"curies":[{"name":"wp","href":"https:\/\/api.w.org\/{rel}","templated":true}]}}